{"id":1861,"date":"2026-03-12T18:42:06","date_gmt":"2026-03-12T18:42:06","guid":{"rendered":"https:\/\/elnordestediario.com\/?p=1861"},"modified":"2026-03-12T18:42:06","modified_gmt":"2026-03-12T18:42:06","slug":"insolito-volco-un-camion-lleno-de-fernet-y-fue-saqueado-por-vecinos","status":"publish","type":"post","link":"https:\/\/elnordestediario.com\/index.php\/2026\/03\/12\/insolito-volco-un-camion-lleno-de-fernet-y-fue-saqueado-por-vecinos\/","title":{"rendered":"INS\u00d3LITO: VOLC\u00d3 UN CAMI\u00d3N LLENO DE FERNET Y FUE SAQUEADO POR VECINOS"},"content":{"rendered":"\n<p>Ocurri\u00f3 en la ruta 11 despu\u00e9s de que el cami\u00f3n que transportaba botellas de fernet colisionara contra una camioneta utilitaria.<\/p>\n\n\n\n<p>El accidente se produjo este martes en la\u00a0<strong>ruta 11, en una zona cercana a Victoria, Entre R\u00edos.<\/strong>\u00a0<br><br>De acuerdo a la informaci\u00f3n difundida, ocurri\u00f3\u00a0alrededor de las 13 cuando un cami\u00f3n que\u00a0<strong>transportaba bebidas alcoh\u00f3licas colision\u00f3 con una camioneta Renault Kangoo<\/strong>, que circulaba en el mismo sentido hacia la ciudad de Rosario.<\/p>\n\n\n\n<p>La carga de fernet&nbsp;qued\u00f3 esparcida&nbsp;por el asfalto y r\u00e1pidamente&nbsp;aparecieron los vecinos de la zona para llev\u00e1rsela.&nbsp;El episodio demand\u00f3 la intervenci\u00f3n del personal de emergencias, aunque afortunadamente no se registraron heridos graves.<\/p>\n\n\n\n<p>Si bien las causas del accidente a\u00fan son materia de investigaci\u00f3n, trascendi\u00f3 que en el veh\u00edculo&nbsp;utilitario viajaba el&nbsp;conductor junto a una mujer y que ambos fueron&nbsp;trasladados al Hospital Salaberry.<\/p>\n\n\n\n<p>Seg\u00fan&nbsp;ElOnce, solo minutos despu\u00e9s del accidente se acercaron al lugar varios vecinos y&nbsp;retiraron parte de la mercader\u00eda ca\u00edda del cami\u00f3n. Pese al siniestro,&nbsp;para otros fue un d\u00eda de suerte.&nbsp;<\/p>\n","protected":false},"excerpt":{"rendered":"<p>Ocurri\u00f3 en la ruta 11 despu\u00e9s de que el cami\u00f3n que transportaba botellas de fernet<\/p>\n","protected":false},"author":1,"featured_media":1862,"comment_status":"open","ping_status":"open","sticky":false,"template":"","format":"standard","meta":{"footnotes":""},"categories":[1],"tags":[],"_links":{"self":[{"href":"https:\/\/elnordestediario.com\/index.php\/wp-json\/wp\/v2\/posts\/1861"}],"collection":[{"href":"https:\/\/elnordestediario.com\/index.php\/wp-json\/wp\/v2\/posts"}],"about":[{"href":"https:\/\/elnordestediario.com\/index.php\/wp-json\/wp\/v2\/types\/post"}],"author":[{"embeddable":true,"href":"https:\/\/elnordestediario.com\/index.php\/wp-json\/wp\/v2\/users\/1"}],"replies":[{"embeddable":true,"href":"https:\/\/elnordestediario.com\/index.php\/wp-json\/wp\/v2\/comments?post=1861"}],"version-history":[{"count":1,"href":"https:\/\/elnordestediario.com\/index.php\/wp-json\/wp\/v2\/posts\/1861\/revisions"}],"predecessor-version":[{"id":1863,"href":"https:\/\/elnordestediario.com\/index.php\/wp-json\/wp\/v2\/posts\/1861\/revisions\/1863"}],"wp:featuredmedia":[{"embeddable":true,"href":"https:\/\/elnordestediario.com\/index.php\/wp-json\/wp\/v2\/media\/1862"}],"wp:attachment":[{"href":"https:\/\/elnordestediario.com\/index.php\/wp-json\/wp\/v2\/media?parent=1861"}],"wp:term":[{"taxonomy":"category","embeddable":true,"href":"https:\/\/elnordestediario.com\/index.php\/wp-json\/wp\/v2\/categories?post=1861"},{"taxonomy":"post_tag","embeddable":true,"href":"https:\/\/elnordestediario.com\/index.php\/wp-json\/wp\/v2\/tags?post=1861"}],"curies":[{"name":"wp","href":"https:\/\/api.w.org\/{rel}","templated":true}]}}