{"id":1864,"date":"2026-03-12T18:43:46","date_gmt":"2026-03-12T18:43:46","guid":{"rendered":"https:\/\/elnordestediario.com\/?p=1864"},"modified":"2026-03-12T18:43:46","modified_gmt":"2026-03-12T18:43:46","slug":"inundaciones-en-tucuman-300-familias-pasaron-la-noche-a-la-vera-de-la-ruta","status":"publish","type":"post","link":"https:\/\/elnordestediario.com\/index.php\/2026\/03\/12\/inundaciones-en-tucuman-300-familias-pasaron-la-noche-a-la-vera-de-la-ruta\/","title":{"rendered":"INUNDACIONES EN TUCUM\u00c1N: 300 FAMILIAS PASARON LA NOCHE A LA VERA DE LA RUTA"},"content":{"rendered":"\n<p>Una vez m\u00e1s la localidad de La Madrid asoma como uno de los sitios de Tucum\u00e1n m\u00e1s afectados por las lluvias. Debido a la inundaci\u00f3n de sus casas, ayer se dispuso la evacuaci\u00f3n preventiva m\u00e1s de 300 familias, las que fueron ubicadas a orillas de la ruta 157.<audio src=\"https:\/\/www.radiosudamericana.com\/notix\/multimedia\/audios\/2026-03-12\/658049.mp3\"><\/audio><\/p>\n\n\n\n<p>Adem\u00e1s,\u00a0alrededor de 300 personas fueron trasladadas al centro de evacuaci\u00f3n habilitado en la escuela de Taco Ralo, donde pasaron la noche.\u00a0No lejos de all\u00ed, vecinos de Graneros contaron que el desborde del r\u00edo provoc\u00f3 que el agua llegue al centro de la ciudad e ingrese a las casas.<\/p>\n\n\n\n<p>Personal policial y organismos de emergencia coordinaron acciones preventivas ante la crecida del r\u00edo Marapa, que atraviesa la zona con un caudal elevado. El jefe de la Regional Sur de la Polic\u00eda, Marcos Barros, explic\u00f3 que las autoridades trabajaron para resguardar a la poblaci\u00f3n.<\/p>\n\n\n\n<p>Las personas que tuvieron que evacuar sus hogares por su seguridad contin\u00faan esperando novedades en medio de una gran incertidumbre. Actualmente se encuentran en un refugio provisorio en la&nbsp;Ruta Nacional 157&nbsp;donde la altura del agua es m\u00e1s segura para todos.<\/p>\n\n\n\n<p>Por otro lado, ante la necesidad de evacuar, varias organizaciones realizaron campa\u00f1as de donaciones destinadas a las familias afectadas. Solicitaron la colaboraci\u00f3n con alimentos no perecederos, art\u00edculos de limpieza, abrigo y repelentes.<\/p>\n\n\n\n<p>Las lluvias derivaron en una crisis, con rutas interrumpidas temporalmente por ca\u00eddas de \u00e1rboles. Esto ocurri\u00f3 en la&nbsp;ruta provincial 308, a la altura de Villa Batiruana, y en la&nbsp;ruta 334, en el sector de Los Pizarros, seg\u00fan datos recopilados por&nbsp;La Gaceta. En la&nbsp;ruta 338, el tramo hacia Villa Nougu\u00e9s permanec\u00eda parcialmente cortado por similares incidentes. El organismo vial provincial mantuvo la recomendaci\u00f3n de extremar la precauci\u00f3n y evitar viajes innecesarios durante el desarrollo de la tormenta.<\/p>\n","protected":false},"excerpt":{"rendered":"<p>Una vez m\u00e1s la localidad de La Madrid asoma como uno de los sitios de<\/p>\n","protected":false},"author":1,"featured_media":1865,"comment_status":"open","ping_status":"open","sticky":false,"template":"","format":"standard","meta":{"footnotes":""},"categories":[1],"tags":[],"_links":{"self":[{"href":"https:\/\/elnordestediario.com\/index.php\/wp-json\/wp\/v2\/posts\/1864"}],"collection":[{"href":"https:\/\/elnordestediario.com\/index.php\/wp-json\/wp\/v2\/posts"}],"about":[{"href":"https:\/\/elnordestediario.com\/index.php\/wp-json\/wp\/v2\/types\/post"}],"author":[{"embeddable":true,"href":"https:\/\/elnordestediario.com\/index.php\/wp-json\/wp\/v2\/users\/1"}],"replies":[{"embeddable":true,"href":"https:\/\/elnordestediario.com\/index.php\/wp-json\/wp\/v2\/comments?post=1864"}],"version-history":[{"count":1,"href":"https:\/\/elnordestediario.com\/index.php\/wp-json\/wp\/v2\/posts\/1864\/revisions"}],"predecessor-version":[{"id":1866,"href":"https:\/\/elnordestediario.com\/index.php\/wp-json\/wp\/v2\/posts\/1864\/revisions\/1866"}],"wp:featuredmedia":[{"embeddable":true,"href":"https:\/\/elnordestediario.com\/index.php\/wp-json\/wp\/v2\/media\/1865"}],"wp:attachment":[{"href":"https:\/\/elnordestediario.com\/index.php\/wp-json\/wp\/v2\/media?parent=1864"}],"wp:term":[{"taxonomy":"category","embeddable":true,"href":"https:\/\/elnordestediario.com\/index.php\/wp-json\/wp\/v2\/categories?post=1864"},{"taxonomy":"post_tag","embeddable":true,"href":"https:\/\/elnordestediario.com\/index.php\/wp-json\/wp\/v2\/tags?post=1864"}],"curies":[{"name":"wp","href":"https:\/\/api.w.org\/{rel}","templated":true}]}}