{"id":1867,"date":"2026-03-12T18:52:32","date_gmt":"2026-03-12T18:52:32","guid":{"rendered":"https:\/\/elnordestediario.com\/?p=1867"},"modified":"2026-03-12T18:52:32","modified_gmt":"2026-03-12T18:52:32","slug":"villarruel-denuncio-a-petri-y-recalienta-la-interna-del-gobierno","status":"publish","type":"post","link":"https:\/\/elnordestediario.com\/index.php\/2026\/03\/12\/villarruel-denuncio-a-petri-y-recalienta-la-interna-del-gobierno\/","title":{"rendered":"VILLARRUEL DENUNCI\u00d3 A PETRI Y RECALIENTA LA INTERNA DEL GOBIERNO"},"content":{"rendered":"\n<p>La vicepresidenta hizo la presentaci\u00f3n en Comodoro Py luego de que el diputado y exministro de Defensa la acusara de \u201cgolpista\u201d.<\/p>\n\n\n\n<p>La vicepresidenta&nbsp;Victoria Villarruel&nbsp;<strong>denunci\u00f3 por \u201ccalumnias e injurias\u201d al diputado y exministro de Defensa Luis Petri, quien d\u00edas atr\u00e1s la hab\u00eda acusado de&nbsp;\u201cgolpista\u201d y de conspirar con la oposici\u00f3n&nbsp;para que al gobierno de Javier Milei le vaya mal.<\/strong><\/p>\n\n\n\n<p>La denuncia cay\u00f3 por sorteo en el&nbsp;Juzgado Criminal Correccional Federal 2&nbsp;a cargo de Sebasti\u00e1n Ramos, el mismo que hab\u00eda abierto una causa contra el expresidente venezolano Nicol\u00e1s Maduro, para sumarle acusaciones por la detenci\u00f3n del gendarme Nahuel Gallo.<\/p>\n\n\n\n<p>La decisi\u00f3n de Villarruel de escalar la interna con funcionarios y exfuncionarios del gobierno de La Libertad Avanza (LLA)<strong>&nbsp;fue tomada en momentos en que&nbsp;la Casa Rosada redobl\u00f3 las cr\u00edticas en su contra&nbsp;y ratific\u00f3 que la distancia abierta con el Presidente es&nbsp;irreversible.<\/strong><\/p>\n\n\n\n<p>De hecho, la vicepresidenta fue una de las que ayer&nbsp;se sum\u00f3 a los duros cuestionamientos contra el jefe de Gabinete,&nbsp;<strong>Manuel Adorni, por incluir a su esposa en la comitiva presidencial que viaj\u00f3 a Nueva York junto con Milei.<\/strong><\/p>\n\n\n\n<p>\u201c<strong>El ajuste lo va a pagar la pol\u00edtica\u2026 Jajajaj\u201d,<\/strong>\u00a0fue el ir\u00f3nico mensaje que la titular del Senado public\u00f3\u00a0en su cuenta de Instagram junto con una fotograf\u00eda de Adorni y una cr\u00edtica por el esc\u00e1ndalo que acaba protagonizar.<\/p>\n\n\n\n<h3 class=\"wp-block-heading\"><strong>Los cruces entre Villarruel y Petri<\/strong><\/h3>\n\n\n\n<p>Pero esta vez,&nbsp;la presentaci\u00f3n judicial contra Petri pas\u00f3 la relaci\u00f3n de chispazo a cortocircuito. La vicepresidenta acus\u00f3 a Petri por los supuestos delitos de&nbsp;\u201ccalumnias o falsa imputaci\u00f3n, injurias, amenaza de rebeli\u00f3n y delitos contra el orden p\u00fablico\u201d.<\/p>\n\n\n\n<p>La denuncia formal fue en respuesta a los dichos de Petri en los \u00faltimos d\u00edas, cuando acus\u00f3 a la titular del Senado de asociarse con la oposici\u00f3n para para&nbsp;<strong>\u201capostar al fracaso del Gobierno\u201d.&nbsp;\u201cYo te conozco por golpista\u201d,<\/strong>&nbsp;fue la acusaci\u00f3n que el diputado le arroj\u00f3 a trav\u00e9s de las redes sociales.<\/p>\n\n\n\n<p>De hecho, el que hab\u00eda tirado la primera piedra fue el exministro, cuando durante una entrevista televisiva critic\u00f3 a Villarruel por&nbsp;su comportamiento durante el cuestionado discurso del Presidente&nbsp;en la apertura de sesiones ordinarias en el Congreso, el 1 de marzo.<\/p>\n\n\n\n<p>\u201cNo me sorprende (su comportamiento) porque ha estado fuera de lugar durante dos a\u00f1os.&nbsp;As\u00ed que, que est\u00e9 fuera de lugar en la sesi\u00f3n mientras el Presidente estuvo haciendo su discurso\u201d, dijo el ahora diputado.<\/p>\n\n\n\n<p>Luego calific\u00f3 de \u201cpreocupante\u201d al rol de la vicepresidenta en el Senado.\u00a0\u201cFue una muestra m\u00e1s de que en estos dos a\u00f1os no estuvo a la altura de las circunstancias\u201d, a\u00f1adi\u00f3.<\/p>\n\n\n\n<p>La respuesta de la vice fue m\u00e1s dura.&nbsp;Acus\u00f3 a Petri por su magro paso por el Edificio Libertador y lo acus\u00f3 de haber vaciado el Instituto de Obra Social de las Fuerzas Armadas y de Seguridad (IOSFA).&nbsp;\u201cEs preocupante que no responda a\u00fan por el vac\u00edo que dej\u00f3 en IOSFA y que hizo su funcionario mendocino\u201d, lanz\u00f3 la excompa\u00f1era de f\u00f3rmula de Milei.<\/p>\n\n\n\n<p>Adem\u00e1s, le enrostr\u00f3 haber dejado&nbsp;\u201ca cientos de miles de militares y familias sin atenci\u00f3n m\u00e9dica en los confines del pa\u00eds\u201d, y anticip\u00f3 que \u201cdeber\u00eda ubicarse y ver c\u00f3mo afronta judicialmente lo que parecer\u00eda fue un desfalco de la obra social de los militares y sus familias. Sigo atentamente la causa judicial\u201d, amenaz\u00f3.<\/p>\n\n\n\n<p>\u201cA Petri lo conozco por sus cosplays y por los trencitos de la alegr\u00eda con el Presidente Milei. Y por el vaciamiento de IOSFA, y los sueldos m\u00e1s bajos de todas las fuerzas\u201d, hab\u00eda escrito la vicepresidenta.<\/p>\n","protected":false},"excerpt":{"rendered":"<p>La vicepresidenta hizo la presentaci\u00f3n en Comodoro Py luego de que el diputado y exministro<\/p>\n","protected":false},"author":1,"featured_media":1868,"comment_status":"open","ping_status":"open","sticky":false,"template":"","format":"standard","meta":{"footnotes":""},"categories":[1],"tags":[],"_links":{"self":[{"href":"https:\/\/elnordestediario.com\/index.php\/wp-json\/wp\/v2\/posts\/1867"}],"collection":[{"href":"https:\/\/elnordestediario.com\/index.php\/wp-json\/wp\/v2\/posts"}],"about":[{"href":"https:\/\/elnordestediario.com\/index.php\/wp-json\/wp\/v2\/types\/post"}],"author":[{"embeddable":true,"href":"https:\/\/elnordestediario.com\/index.php\/wp-json\/wp\/v2\/users\/1"}],"replies":[{"embeddable":true,"href":"https:\/\/elnordestediario.com\/index.php\/wp-json\/wp\/v2\/comments?post=1867"}],"version-history":[{"count":1,"href":"https:\/\/elnordestediario.com\/index.php\/wp-json\/wp\/v2\/posts\/1867\/revisions"}],"predecessor-version":[{"id":1869,"href":"https:\/\/elnordestediario.com\/index.php\/wp-json\/wp\/v2\/posts\/1867\/revisions\/1869"}],"wp:featuredmedia":[{"embeddable":true,"href":"https:\/\/elnordestediario.com\/index.php\/wp-json\/wp\/v2\/media\/1868"}],"wp:attachment":[{"href":"https:\/\/elnordestediario.com\/index.php\/wp-json\/wp\/v2\/media?parent=1867"}],"wp:term":[{"taxonomy":"category","embeddable":true,"href":"https:\/\/elnordestediario.com\/index.php\/wp-json\/wp\/v2\/categories?post=1867"},{"taxonomy":"post_tag","embeddable":true,"href":"https:\/\/elnordestediario.com\/index.php\/wp-json\/wp\/v2\/tags?post=1867"}],"curies":[{"name":"wp","href":"https:\/\/api.w.org\/{rel}","templated":true}]}}