{"id":1870,"date":"2026-03-12T18:53:39","date_gmt":"2026-03-12T18:53:39","guid":{"rendered":"https:\/\/elnordestediario.com\/?p=1870"},"modified":"2026-03-12T18:53:39","modified_gmt":"2026-03-12T18:53:39","slug":"tapia-presento-un-escrito-y-rechazo-responder-preguntas-por-evasion-en-afa","status":"publish","type":"post","link":"https:\/\/elnordestediario.com\/index.php\/2026\/03\/12\/tapia-presento-un-escrito-y-rechazo-responder-preguntas-por-evasion-en-afa\/","title":{"rendered":"TAPIA PRESENT\u00d3 UN ESCRITO Y RECHAZ\u00d3 RESPONDER PREGUNTAS POR EVASI\u00d3N EN AFA"},"content":{"rendered":"\n<p>El presidente de la AFA estuvo poco m\u00e1s de una hora en Tribunales e insisti\u00f3 en que le permitan salir del pa\u00eds. \u201cCumplimos con lo que quer\u00eda el juez\u201d, asegur\u00f3. \u00a0<\/p>\n\n\n\n<p>Este jueves declar\u00f3 el presidente de la AFA,&nbsp;Claudio \u201cChiqui\u201d Tapia, en la causa donde se lo investiga por la&nbsp;presunta retenci\u00f3n indebida de aportes.&nbsp;\u201cCumplimos con lo que quer\u00eda el juez\u201d,&nbsp;le dijo a la prensa. Ayer hizo lo propio el tesorero de la entidad, Pablo Toviggino, que&nbsp;present\u00f3 un escrito y no respondi\u00f3 preguntas.<\/p>\n\n\n\n<p>Tapia lleg\u00f3 Tribunales de Retiro poco antes de las 11 junto a sus abogados y custodios y evit\u00f3 responder las preguntas de los periodistas. El titular de la AFA lleg\u00f3 sonriendo, pero poco despu\u00e9s se mostr\u00f3 molesto y en medio de empujones pidi\u00f3 permiso en reiteradas ocasiones hasta que finalmente logr\u00f3 ingresar al edificio.<\/p>\n\n\n\n<p>Su presencia dentro del edificio se prolong\u00f3 dur\u00f3 casi una hora y media y al salir habl\u00f3 con los periodistas que lo esperaban.&nbsp;\u201cCumplimos con lo que quer\u00eda el juez, con lo que fuimos citados,&nbsp;y nos vamos a poner a trabajar con Espa\u00f1a porque Espa\u00f1a quiere que la Finalissima se juegue en Espa\u00f1a y yo quiero que se juegue en el Monumental\u201d, expres\u00f3.<\/p>\n\n\n\n<p>Seg\u00fan pudo saber TN, el presidente de la entidad de f\u00fatbol argentino no acept\u00f3 responder preguntas y solo present\u00f3 un escrito de m\u00e1s de 100 hojas, el cual, asegur\u00f3, hablaba por \u00e9l. Tambi\u00e9n le reiter\u00f3 al juez Amarante su necesidad de salir del pa\u00eds.<\/p>\n\n\n\n<p>Este lunes Tapia cerr\u00f3 su discurso en el acto de lanzamiento de&nbsp;LPF Play,&nbsp;la plataforma de transmisi\u00f3n de partidos de la AFA, con una advertencia: \u201cMuchos van a empezar a transpirar, como transpiraba yo a veces cuando me agarraba calor. Pero van a empezar a&nbsp;transpirar de verg\u00fcenza porque la verdad va a salir a la luz\u201d,&nbsp;dijo.<\/p>\n\n\n\n<p>La investigaci\u00f3n se inici\u00f3 a partir de una denuncia presentada por la Agencia de Recaudaci\u00f3n y Control Aduanero (Arca), que act\u00faa como querellante en el expediente. El organismo sostiene que&nbsp;la AFA retuvo tributos y aportes de la seguridad social sin ingresarlos al fisco&nbsp;dentro de los plazos legales.<\/p>\n\n\n\n<p>Concretamente, ARCA detect\u00f3 retenciones impositivas y aportes a la seguridad social que no habr\u00edan sido depositados dentro del plazo legal de 30 d\u00edas corridos posteriores al vencimiento.<\/p>\n\n\n\n<p>El mi\u00e9rcoles,&nbsp;Toviggino pidi\u00f3 ser sobrese\u00eddo en la causa y tambi\u00e9n demand\u00f3 una pericia contable. Insisti\u00f3 en que no hay delito, ya que el Gobierno suspendi\u00f3 la ejecuci\u00f3n de la deuda. \u201cUn error en la interpretaci\u00f3n de la fecha de vencimiento de esa deuda&nbsp;no puede dar pie a una persecuci\u00f3n legal desmedida\u201d, asegur\u00f3 el tesorero de la AFA en su descargo.<\/p>\n\n\n\n<p>El juez\u00a0Diego Amarante rechaz\u00f3 este lunes los pedidos de nulidad\u00a0presentados por el presidente de la Asociaci\u00f3n de F\u00fatbol Argentino. Con esta decisi\u00f3n, el magistrado mantuvo firmes las indagatorias programadas para esta semana.<\/p>\n\n\n\n<p>En su fallo, Amarante desestim\u00f3 los argumentos de las defensas de Tapia y Toviggino, que&nbsp;sostuvieron que no exist\u00eda delito&nbsp;y que se deb\u00eda suspender el llamado a indagatoria por existir un recurso pendiente de resoluci\u00f3n ante la C\u00e1mara.<\/p>\n\n\n\n<p>Los per\u00edodos bajo an\u00e1lisis van&nbsp;de marzo de 2024 a septiembre de 2025&nbsp;e incluyen retenciones de IVA, Ganancias y contribuciones previsionales.<\/p>\n\n\n\n<p>Seg\u00fan la denuncia inicial, el monto no ingresado era de $7.593.903.512,23, pero luego se sumaron otros $11.759.643.331,62, llevando&nbsp;el total investigado a m\u00e1s de $19.300 millones.<\/p>\n\n\n\n<p>El ente recaudador asegur\u00f3 que las maniobras encuadran en el delito de omisi\u00f3n por parte de un agente de retenci\u00f3n. \u201cLos importes en cuesti\u00f3n no constituyen fondos propios del contribuyente, sino recursos ajenos que pertenecen al Estado desde el momento mismo de la retenci\u00f3n, por lo que su no ingreso implica una indebida apropiaci\u00f3n de caudales p\u00fablicos\u201d, argument\u00f3 el organismo.<\/p>\n\n\n\n<p>Desde el punto de vista penal, la figura prev\u00e9&nbsp;penas de dos a seis a\u00f1os de prisi\u00f3n&nbsp;para el agente de retenci\u00f3n que no deposite, total o parcialmente, dentro de los 30 d\u00edas corridos del vencimiento, el tributo retenido o percibido, siempre que el monto no ingresado supere los $100.000 por mes.<\/p>\n","protected":false},"excerpt":{"rendered":"<p>El presidente de la AFA estuvo poco m\u00e1s de una hora en Tribunales e insisti\u00f3<\/p>\n","protected":false},"author":1,"featured_media":1871,"comment_status":"open","ping_status":"open","sticky":false,"template":"","format":"standard","meta":{"footnotes":""},"categories":[1],"tags":[],"_links":{"self":[{"href":"https:\/\/elnordestediario.com\/index.php\/wp-json\/wp\/v2\/posts\/1870"}],"collection":[{"href":"https:\/\/elnordestediario.com\/index.php\/wp-json\/wp\/v2\/posts"}],"about":[{"href":"https:\/\/elnordestediario.com\/index.php\/wp-json\/wp\/v2\/types\/post"}],"author":[{"embeddable":true,"href":"https:\/\/elnordestediario.com\/index.php\/wp-json\/wp\/v2\/users\/1"}],"replies":[{"embeddable":true,"href":"https:\/\/elnordestediario.com\/index.php\/wp-json\/wp\/v2\/comments?post=1870"}],"version-history":[{"count":1,"href":"https:\/\/elnordestediario.com\/index.php\/wp-json\/wp\/v2\/posts\/1870\/revisions"}],"predecessor-version":[{"id":1872,"href":"https:\/\/elnordestediario.com\/index.php\/wp-json\/wp\/v2\/posts\/1870\/revisions\/1872"}],"wp:featuredmedia":[{"embeddable":true,"href":"https:\/\/elnordestediario.com\/index.php\/wp-json\/wp\/v2\/media\/1871"}],"wp:attachment":[{"href":"https:\/\/elnordestediario.com\/index.php\/wp-json\/wp\/v2\/media?parent=1870"}],"wp:term":[{"taxonomy":"category","embeddable":true,"href":"https:\/\/elnordestediario.com\/index.php\/wp-json\/wp\/v2\/categories?post=1870"},{"taxonomy":"post_tag","embeddable":true,"href":"https:\/\/elnordestediario.com\/index.php\/wp-json\/wp\/v2\/tags?post=1870"}],"curies":[{"name":"wp","href":"https:\/\/api.w.org\/{rel}","templated":true}]}}